{"id":89931,"date":"2026-05-12T10:50:58","date_gmt":"2026-05-12T10:50:58","guid":{"rendered":"https:\/\/www.ruggtek.com\/?p=89931"},"modified":"2026-05-12T10:53:58","modified_gmt":"2026-05-12T10:53:58","slug":"casopis-fare-duben-2026-sesitek-a-ruggtek-v-rubrice-industrial-life","status":"publish","type":"post","link":"https:\/\/www.ruggtek.com\/cs\/fare-magazine-aprile-2026-sesitek-e-ruggtek-protagonisti-della-rubrica-vita-industriale\/","title":{"rendered":"\u010casopis Fare, duben 2026: Sesitek a Ruggtek v rubrice Industrial Life"},"content":{"rendered":"<div id=\"contenuto-blog\"  data-column-margin=\"100px\" data-midnight=\"dark\"  class=\"wpb_row vc_row-fluid vc_row vc_row-o-equal-height vc_row-flex vc_row-o-content-middle\"  style=\"padding-top: 0px; padding-bottom: 0px; \"><div class=\"row-bg-wrap\" data-bg-animation=\"none\" data-bg-animation-delay=\"\" data-bg-overlay=\"false\"><div class=\"inner-wrap row-bg-layer\" ><div class=\"row-bg viewport-desktop\"  style=\"\"><\/div><\/div><\/div><div class=\"row_col_wrap_12 col span_12 dark left\">\n\t<div  class=\"vc_col-sm-12 wpb_column column_container vc_column_container col left_padding_desktop_5pct top_padding_desktop_5pct right_padding_desktop_5pct bottom_padding_desktop_5pct\"  data-border-radius=\"20px\" data-border-animation=\"\" data-border-animation-delay=\"\" data-border-width=\"2px\" data-border-style=\"solid\" data-border-color=\"\" data-padding-pos=\"all\" data-has-bg-color=\"false\" data-bg-color=\"\" data-bg-opacity=\"1\" data-animation=\"\" data-delay=\"0\" >\n\t\t<div class=\"vc_column-inner\" style=\"border: 2px solid ;\">\n\t\t\t<div class=\"wpb_wrapper\">\n\t\t\t\t<div id=\"introduzione\" data-midnight=\"\" data-column-margin=\"custom\" class=\"wpb_row vc_row-fluid vc_row inner_row  column-margin-5pct\"  style=\"\"><div class=\"row-bg-wrap\"> <div class=\"row-bg\" ><\/div> <\/div><div class=\"row_col_wrap_12_inner col span_12  left\">\n\t<div  class=\"vc_col-sm-2\/5 wpb_column column_container vc_column_container col child_column no-extra-padding inherit_tablet inherit_phone\"   data-padding-pos=\"all\" data-has-bg-color=\"false\" data-bg-color=\"\" data-bg-opacity=\"1\" data-animation=\"\" data-delay=\"0\" >\n\t\t<div class=\"vc_column-inner\" >\n\t\t<div class=\"wpb_wrapper\">\n\t\t\t\n<div class=\"wpb_text_column wpb_content_element\" >\n\t<div class=\"wpb_wrapper\">\n\t\t<p data-wp-editing=\"1\"><img loading=\"lazy\" decoding=\"async\" width=\"975\" height=\"1200\" src=\"https:\/\/www.ruggtek.com\/wp-content\/uploads\/2026\/05\/fare-magazine-aprile-2026-cover.webp\" class=\"immagine-evidenza wp-post-image\" alt=\"\" srcset=\"https:\/\/www.ruggtek.com\/wp-content\/uploads\/2026\/05\/fare-magazine-aprile-2026-cover.webp 975w, https:\/\/www.ruggtek.com\/wp-content\/uploads\/2026\/05\/fare-magazine-aprile-2026-cover-244x300.webp 244w, https:\/\/www.ruggtek.com\/wp-content\/uploads\/2026\/05\/fare-magazine-aprile-2026-cover-832x1024.webp 832w, https:\/\/www.ruggtek.com\/wp-content\/uploads\/2026\/05\/fare-magazine-aprile-2026-cover-768x945.webp 768w, https:\/\/www.ruggtek.com\/wp-content\/uploads\/2026\/05\/fare-magazine-aprile-2026-cover-10x12.webp 10w\" sizes=\"auto, (max-width: 975px) 100vw, 975px\" \/><\/p>\n\t<\/div>\n<\/div>\n\n\n\n\n\t\t<\/div> \n\t<\/div>\n\t<\/div> \n\n\t<div  class=\"vc_col-sm-3\/5 sx wpb_column column_container vc_column_container col child_column no-extra-padding inherit_tablet inherit_phone\"   data-padding-pos=\"all\" data-has-bg-color=\"false\" data-bg-color=\"\" data-bg-opacity=\"1\" data-animation=\"\" data-delay=\"0\" >\n\t\t<div class=\"vc_column-inner\" >\n\t\t<div class=\"wpb_wrapper\">\n\t\t\t\n<div class=\"wpb_text_column wpb_content_element\" >\n\t<div class=\"wpb_wrapper\">\n\t\t<h6>\u00daVOD:<\/h6>\n\t<\/div>\n<\/div>\n\n\n\n\n<div class=\"wpb_text_column wpb_content_element\" >\n\t<div class=\"wpb_wrapper\">\n\t\t<p>\u010casopis Fare Magazine, \u010dasopis spole\u010dnosti Confindustria Emilia, n\u00e1m v\u011bnoval \u010dl\u00e1nek ve sv\u00e9m dubnov\u00e9m \u010d\u00edsle 2026. Je to ocen\u011bn\u00ed, kter\u00e9 n\u00e1s velmi t\u011b\u0161\u00ed a vypov\u00edd\u00e1 o tom, kdo jsme: italsk\u00e1 spole\u010dnost se s\u00eddlem v Sassuolu, kter\u00e1 navrhuje a distribuuje pr\u016fmyslov\u00e9 mobiln\u00ed po\u010d\u00edta\u010de - tablety, palmtopy a vozidlov\u00e9 termin\u00e1ly - pro ty, kte\u0159\u00ed pracuj\u00ed v n\u00e1ro\u010dn\u00fdch podm\u00ednk\u00e1ch, kde spot\u0159ebn\u00ed za\u0159\u00edzen\u00ed nesta\u010d\u00ed.<\/p>\n<p><a href=\"#conclusioni\">\u2192 P\u0159e\u010dt\u011bte si cel\u00fd \u010dl\u00e1nek ve form\u00e1tu PDF<\/a><\/p>\n\t<\/div>\n<\/div>\n\n\n\n\n\t\t<\/div> \n\t<\/div>\n\t<\/div> \n<\/div><\/div>\n\t\t\t<\/div> \n\t\t<\/div>\n\t<\/div> \n<\/div><\/div>\n\t\t<div id=\"fws_6a9b559e9fb47\"  data-column-margin=\"default\" data-midnight=\"dark\"  class=\"wpb_row vc_row-fluid vc_row\"  style=\"padding-top: 0px; padding-bottom: 0px; \"><div class=\"row-bg-wrap\" data-bg-animation=\"none\" data-bg-animation-delay=\"\" data-bg-overlay=\"false\"><div class=\"inner-wrap row-bg-layer\" ><div class=\"row-bg viewport-desktop\"  style=\"\"><\/div><\/div><\/div><div class=\"row_col_wrap_12 col span_12 dark left\">\n\t<div  class=\"vc_col-sm-12 wpb_column column_container vc_column_container col no-extra-padding inherit_tablet inherit_phone\"  data-padding-pos=\"all\" data-has-bg-color=\"false\" data-bg-color=\"\" data-bg-opacity=\"1\" data-animation=\"\" data-delay=\"0\" >\n\t\t<div class=\"vc_column-inner\" >\n\t\t\t<div class=\"wpb_wrapper\">\n\t\t\t\t\n<div class=\"wpb_text_column wpb_content_element\" >\n\t<div class=\"wpb_wrapper\">\n\t\t\t<\/div>\n<\/div>\n\n\n\n\n\t\t\t<\/div> \n\t\t<\/div>\n\t<\/div> \n<\/div><\/div>\n\t\t<div id=\"contenuto-blog\"  data-column-margin=\"custom\" data-midnight=\"dark\"  class=\"wpb_row vc_row-fluid vc_row  right_padding_5pct left_padding_5pct column-margin-5pct\"  style=\"padding-top: 0px; padding-bottom: 0px; \"><div class=\"row-bg-wrap\" data-bg-animation=\"none\" data-bg-animation-delay=\"\" data-bg-overlay=\"false\"><div class=\"inner-wrap row-bg-layer\" ><div class=\"row-bg viewport-desktop\"  style=\"\"><\/div><\/div><\/div><div class=\"row_col_wrap_12 col span_12 dark left\">\n\t<div style=\" color: #000000;\" class=\"vc_col-sm-2\/5 menu-navigazione wpb_column column_container vc_column_container col nectar-sticky-column force-desktop-text-align-right force-tablet-text-align-left force-phone-text-align-left border_style_solid top_padding_desktop_10vh bottom_padding_desktop_10vh\" data-cfc=\"true\"  data-padding-pos=\"all\" data-has-bg-color=\"false\" data-bg-color=\"\" data-bg-opacity=\"1\" data-animation=\"\" data-delay=\"0\" >\n\t\t<div class=\"vc_column-inner\" >\n\t\t\t<div class=\"wpb_wrapper\">\n\t\t\t\t\n<div class=\"wpb_text_column wpb_content_element\" >\n\t<div class=\"wpb_wrapper\">\n\t\t<h6>NAVIGA\u010cN\u00cd MENU:<\/h6>\n\t<\/div>\n<\/div>\n\n\n\n\n<div class=\"wpb_text_column wpb_content_element\" >\n\t<div class=\"wpb_wrapper\">\n\t\t<p><a href=\"#introduzione\">\u00davod<\/a><\/p>\n<p><a href=\"#sesitek-ruggtek\">Sesitek uv\u00e1d\u00ed na trh Ruggtek<\/a><\/p>\n<p><a href=\"#gamma-prodotti\">Sortiment v\u00fdrobk\u016f<\/a><\/p>\n<p><a href=\"#mercati\">C\u00edlov\u00e9 trhy<\/a><\/p>\n<p><a href=\"#conclusioni\">Z\u00e1v\u011bry<\/a><\/p>\n\t<\/div>\n<\/div>\n\n\n\n\n\t\t\t<\/div> \n\t\t<\/div>\n\t<\/div> \n\n\t<div  class=\"vc_col-sm-3\/5 sx wpb_column column_container vc_column_container col right_padding_tablet_0px right_padding_phone_0px\"  data-padding-pos=\"all\" data-has-bg-color=\"false\" data-bg-color=\"\" data-bg-opacity=\"1\" data-animation=\"\" data-delay=\"0\" >\n\t\t<div class=\"vc_column-inner\" >\n\t\t\t<div class=\"wpb_wrapper\">\n\t\t\t\t<div id=\"sesitek-ruggtek\" data-midnight=\"\" data-column-margin=\"default\" class=\"wpb_row vc_row-fluid vc_row inner_row\"  style=\"\"><div class=\"row-bg-wrap\"> <div class=\"row-bg\" ><\/div> <\/div><div class=\"row_col_wrap_12_inner col span_12  left\">\n\t<div  class=\"vc_col-sm-12 wpb_column column_container vc_column_container col child_column no-extra-padding inherit_tablet inherit_phone\"   data-padding-pos=\"all\" data-has-bg-color=\"false\" data-bg-color=\"\" data-bg-opacity=\"1\" data-animation=\"\" data-delay=\"0\" >\n\t\t<div class=\"vc_column-inner\" >\n\t\t<div class=\"wpb_wrapper\">\n\t\t\t\n<div class=\"wpb_text_column wpb_content_element\" >\n\t<div class=\"wpb_wrapper\">\n\t\t<h2>Sesitek uv\u00e1d\u00ed na trh Ruggtek: po\u010d\u00edta\u010de pro pr\u016fmyslov\u00e9 pou\u017eit\u00ed a extr\u00e9mn\u00ed prost\u0159ed\u00ed<\/h2>\n\t<\/div>\n<\/div>\n\n\n\n\n<div class=\"wpb_text_column wpb_content_element\" >\n\t<div class=\"wpb_wrapper\">\n\t\t<p>Ruggtek je italsk\u00e1 zna\u010dka specializuj\u00edc\u00ed se na v\u00fdvoj a distribuci ultra odoln\u00fdch (robustn\u00edch) mobiln\u00edch za\u0159\u00edzen\u00ed ur\u010den\u00fdch p\u0159edev\u0161\u00edm pro profesion\u00e1ln\u00ed a pr\u016fmyslov\u00e9 pou\u017eit\u00ed a do extr\u00e9mn\u00edch podm\u00ednek. Zna\u010dku vlastn\u00ed spole\u010dnost Sesitek se s\u00eddlem v Sassuolu v provincii Modena, kter\u00e1 se m\u016f\u017ee pochlubit dlouholet\u00fdmi zku\u0161enostmi v oblasti pr\u016fmyslov\u00fdch po\u010d\u00edta\u010d\u016f a automatiza\u010dn\u00edho softwaru.<\/p>\n<p>\u201cJsme spole\u010dnost zalo\u017een\u00e1 skupinou veter\u00e1n\u016f v oblasti pr\u016fmyslov\u00fdch po\u010d\u00edta\u010d\u016f s v\u00edce ne\u017e 30 lety zku\u0161enost\u00ed a italskou du\u0161\u00ed. M\u00edsto, kde se rod\u00ed n\u00e1pady a kde jsou provozov\u00e1ny prodejn\u00ed a servisn\u00ed kancel\u00e1\u0159e,\u201d vysv\u011btluj\u00ed z\u00e1stupci spole\u010dnosti. Sesitek nab\u00edz\u00ed \u0159e\u0161en\u00ed na m\u00edru s hardwarov\u00fdmi a softwarov\u00fdmi konfiguracemi navr\u017een\u00fdmi tak, aby spl\u0148ovaly v\u0161echny pot\u0159eby v pr\u016fmyslov\u00e9m odv\u011btv\u00ed, od n\u00e1vrhu a\u017e po rychl\u00e9 dod\u00e1n\u00ed.<\/p>\n\t<\/div>\n<\/div>\n\n\n\n<div class=\"img-with-aniamtion-wrap\" data-max-width=\"100%\" data-max-width-mobile=\"default\" data-border-radius=\"20px\" data-shadow=\"none\" data-animation=\"none\" >\n      <div class=\"inner\">\n        <div class=\"hover-wrap\"> \n          <div class=\"hover-wrap-inner\">\n            <img loading=\"lazy\" decoding=\"async\" class=\"img-with-animation skip-lazy\" data-delay=\"0\" height=\"800\" width=\"1200\" data-animation=\"none\" src=\"https:\/\/www.ruggtek.com\/wp-content\/uploads\/2026\/05\/tablet-8-pollici-fare-magazine-aprile-2026.webp\" alt=\"\" srcset=\"https:\/\/www.ruggtek.com\/wp-content\/uploads\/2026\/05\/tablet-8-pollici-fare-magazine-aprile-2026.webp 1200w, https:\/\/www.ruggtek.com\/wp-content\/uploads\/2026\/05\/tablet-8-pollici-fare-magazine-aprile-2026-300x200.webp 300w, https:\/\/www.ruggtek.com\/wp-content\/uploads\/2026\/05\/tablet-8-pollici-fare-magazine-aprile-2026-1024x683.webp 1024w, https:\/\/www.ruggtek.com\/wp-content\/uploads\/2026\/05\/tablet-8-pollici-fare-magazine-aprile-2026-768x512.webp 768w, https:\/\/www.ruggtek.com\/wp-content\/uploads\/2026\/05\/tablet-8-pollici-fare-magazine-aprile-2026-18x12.webp 18w, https:\/\/www.ruggtek.com\/wp-content\/uploads\/2026\/05\/tablet-8-pollici-fare-magazine-aprile-2026-900x600.webp 900w\" sizes=\"auto, (max-width: 1200px) 100vw, 1200px\" \/>\n          <\/div>\n        <\/div>\n      <\/div>\n    <\/div>\n\t\t<\/div> \n\t<\/div>\n\t<\/div> \n<\/div><\/div><div id=\"gamma-prodotti\" data-midnight=\"\" data-column-margin=\"default\" class=\"wpb_row vc_row-fluid vc_row inner_row\"  style=\"\"><div class=\"row-bg-wrap\"> <div class=\"row-bg\" ><\/div> <\/div><div class=\"row_col_wrap_12_inner col span_12  left\">\n\t<div  class=\"vc_col-sm-12 wpb_column column_container vc_column_container col child_column no-extra-padding inherit_tablet inherit_phone\"   data-padding-pos=\"all\" data-has-bg-color=\"false\" data-bg-color=\"\" data-bg-opacity=\"1\" data-animation=\"\" data-delay=\"0\" >\n\t\t<div class=\"vc_column-inner\" >\n\t\t<div class=\"wpb_wrapper\">\n\t\t\t\n<div class=\"wpb_text_column wpb_content_element\" >\n\t<div class=\"wpb_wrapper\">\n\t\t<h2>Sortiment v\u00fdrobk\u016f<\/h2>\n\t<\/div>\n<\/div>\n\n\n\n\n<div class=\"wpb_text_column wpb_content_element\" >\n\t<div class=\"wpb_wrapper\">\n\t\t<p>A\u0165 u\u017e se jedn\u00e1 o po\u010d\u00edta\u010d s dotykovou obrazovkou nebo odoln\u00fd tablet PC, ka\u017ed\u00fd produkt je navr\u017een tak, aby se bez probl\u00e9m\u016f integroval do pr\u016fmyslov\u00fdch provozn\u00edch proces\u016f a zajistil spolehlivost a v\u00fdkon. \u201cZejm\u00e9na na\u0161e zna\u010dka Ruggtek nevyr\u00e1b\u00ed po\u010d\u00edta\u010de pro b\u011b\u017en\u00e9 dom\u00e1c\u00ed u\u017eivatele, ale zam\u011b\u0159uje se na za\u0159\u00edzen\u00ed navr\u017een\u00e1 tak, aby odolala p\u00e1d\u016fm, prachu, vod\u011b a extr\u00e9mn\u00edm teplot\u00e1m. Tyto v\u00fdrobky jsou certifikov\u00e1ny podle vojensk\u00fdch norem (nap\u0159. MIL-STD-810) a maj\u00ed vysok\u00e9 kryt\u00ed IP (IP65 nebo vy\u0161\u0161\u00ed),\u201d poznamen\u00e1vaj\u00ed ze spole\u010dnosti.<\/p>\n<p>Sortiment Ruggtek je rozd\u011blen do \u010dty\u0159 kategori\u00ed:<\/p>\n<ul>\n<li><strong>Pr\u016fmyslov\u00e9 tablety<\/strong> - k dispozici jsou obrazovky s \u00fahlop\u0159\u00ed\u010dkou a\u017e 13\u2033, \u010diteln\u00e9 na p\u0159\u00edm\u00e9m slunci, a dotykov\u00e9 obrazovky, kter\u00e9 lze pou\u017e\u00edvat i v pracovn\u00edch rukavic\u00edch.<\/li>\n<li><strong>Kapesn\u00ed a odoln\u00e9 chytr\u00e9 telefony<\/strong> - kompaktn\u00ed za\u0159\u00edzen\u00ed s integrovan\u00fdmi n\u00e1stroji, jako jsou \u010dte\u010dky \u010d\u00e1rov\u00fdch k\u00f3d\u016f, \u010dte\u010dky RFID a baterie s dlouhou \u017eivotnost\u00ed, kter\u00e9 m\u016f\u017ee obsluha samostatn\u011b vym\u011bnit.<\/li>\n<li><strong>Po\u010d\u00edta\u010de ve vozidlech<\/strong> - termin\u00e1ly ur\u010den\u00e9 k mont\u00e1\u017ei na vysokozdvi\u017en\u00e9 voz\u00edky, stavebn\u00ed stroje a vozidla ve\u0159ejn\u00e9 dopravy.<\/li>\n<li><strong>Panel PC<\/strong> - vestav\u011bn\u00e9 pr\u016fmyslov\u00e9 po\u010d\u00edta\u010de v kiosc\u00edch a interaktivn\u00edch totemech nebo pevn\u011b zabudovan\u00e9 ve stroj\u00edch.<\/li>\n<\/ul>\n\t<\/div>\n<\/div>\n\n\n\n<div class=\"img-with-aniamtion-wrap\" data-max-width=\"100%\" data-max-width-mobile=\"default\" data-border-radius=\"20px\" data-shadow=\"none\" data-animation=\"none\" >\n      <div class=\"inner\">\n        <div class=\"hover-wrap\"> \n          <div class=\"hover-wrap-inner\">\n            <img loading=\"lazy\" decoding=\"async\" class=\"img-with-animation skip-lazy\" data-delay=\"0\" height=\"900\" width=\"1200\" data-animation=\"none\" src=\"https:\/\/www.ruggtek.com\/wp-content\/uploads\/2026\/05\/tablet-13-pollici-fare-magazine-aprile-2026.webp\" alt=\"\" srcset=\"https:\/\/www.ruggtek.com\/wp-content\/uploads\/2026\/05\/tablet-13-pollici-fare-magazine-aprile-2026.webp 1200w, https:\/\/www.ruggtek.com\/wp-content\/uploads\/2026\/05\/tablet-13-pollici-fare-magazine-aprile-2026-300x225.webp 300w, https:\/\/www.ruggtek.com\/wp-content\/uploads\/2026\/05\/tablet-13-pollici-fare-magazine-aprile-2026-1024x768.webp 1024w, https:\/\/www.ruggtek.com\/wp-content\/uploads\/2026\/05\/tablet-13-pollici-fare-magazine-aprile-2026-768x576.webp 768w, https:\/\/www.ruggtek.com\/wp-content\/uploads\/2026\/05\/tablet-13-pollici-fare-magazine-aprile-2026-16x12.webp 16w\" sizes=\"auto, (max-width: 1200px) 100vw, 1200px\" \/>\n          <\/div>\n        <\/div>\n      <\/div>\n    <\/div><div class=\"nectar-cta  hover_color_1a123f text_hover_color_ffffff alignment_tablet_default alignment_phone_default display_tablet_inherit display_phone_inherit\" data-color=\"extra-color-2\" data-using-bg=\"true\" data-style=\"arrow-animation\" data-display=\"block\" data-alignment=\"left\" data-text-color=\"custom\" ><h6 style=\"color: #9bff9b;\"><span class=\"link_wrap\" style=\"padding-top: 20px; padding-right: 20px; padding-bottom: 20px; padding-left: 20px;\"><a  class=\"link_text\" role=\"button\" href=\"https:\/\/www.ruggtek.com\/cs\/prodotti\/\"><span class=\"text\">OBJEVTE PRODUKTY SPOLE\u010cNOSTI RUGGTEK<\/span><svg class=\"next-arrow\" aria-hidden=\"true\" width=\"20px\" height=\"25px\" viewbox=\"0 0 50 80\" xml:space=\"preserve\">\n  <polyline stroke=\"#ffffff\" stroke-width=\"9\" fill=\"none\" stroke-linecap=\"round\" stroke-linejoin=\"round\" points=\"0, 0 45, 40 0, 80\"\/>\n  <\/svg>  <span class=\"line\"  style=\"background-color: #9bff9b;\"><\/span> <\/a><\/span><\/h6><\/div>\n\t\t<\/div> \n\t<\/div>\n\t<\/div> \n<\/div><\/div><div id=\"mercati\" data-midnight=\"\" data-column-margin=\"default\" class=\"wpb_row vc_row-fluid vc_row inner_row\"  style=\"\"><div class=\"row-bg-wrap\"> <div class=\"row-bg\" ><\/div> <\/div><div class=\"row_col_wrap_12_inner col span_12  left\">\n\t<div  class=\"vc_col-sm-12 wpb_column column_container vc_column_container col child_column no-extra-padding inherit_tablet inherit_phone\"   data-padding-pos=\"all\" data-has-bg-color=\"false\" data-bg-color=\"\" data-bg-opacity=\"1\" data-animation=\"\" data-delay=\"0\" >\n\t\t<div class=\"vc_column-inner\" >\n\t\t<div class=\"wpb_wrapper\">\n\t\t\t\n<div class=\"wpb_text_column wpb_content_element\" >\n\t<div class=\"wpb_wrapper\">\n\t\t<h2>C\u00edlov\u00e9 trhy<\/h2>\n\t<\/div>\n<\/div>\n\n\n\n\n<div class=\"wpb_text_column wpb_content_element\" >\n\t<div class=\"wpb_wrapper\">\n\t\t<p>Spole\u010dnost se zam\u011b\u0159uje na specifick\u00e9 trhy, kde je kl\u00ed\u010dov\u00e1 spolehlivost a kontinuita podnik\u00e1n\u00ed: logistika a skladov\u00e1n\u00ed pro \u0159\u00edzen\u00ed z\u00e1sob, vychyst\u00e1v\u00e1n\u00ed a skenov\u00e1n\u00ed zbo\u017e\u00ed; pr\u016fmysl 5.0 pro monitorov\u00e1n\u00ed a \u00fadr\u017ebu v\u00fdrobn\u00edch linek; ter\u00e9nn\u00ed slu\u017eby, jako je stavebnictv\u00ed, geolokalizace, ve\u0159ejn\u00e1 bezpe\u010dnost a \u017eivotn\u00ed prost\u0159ed\u00ed; doprava pro spr\u00e1vu vozov\u00e9ho parku a monitorov\u00e1n\u00ed vozidel.<\/p>\n<p>Spole\u010dnost Ruggtek nab\u00edz\u00ed flexibilitu a p\u0159izp\u016fsoben\u00ed a je partnerem pro spole\u010dnosti, kter\u00e9 cht\u011bj\u00ed \u201czna\u010dkov\u00fd\u201d nebo technicky upraven\u00fd hardware, a to i p\u0159i mal\u00fdch a\u017e st\u0159edn\u00edch objemech v\u00fdroby, tak\u017ee p\u0159izp\u016fsoben\u00ed je dostupn\u00e9 i pro st\u0159edn\u011b velk\u00e9 spole\u010dnosti nebo syst\u00e9mov\u00e9 integr\u00e1tory.<\/p>\n<p>Krom\u011b toho zaru\u010duje p\u0159\u00edm\u00fd vztah a m\u00edstn\u00ed podporu: m\u00e1 oprav\u00e1rensk\u00e9 st\u0159edisko v It\u00e1lii i u partner\u016f v Evrop\u011b; v p\u0159\u00edpad\u011b oprav je doba z\u00e1sahu kr\u00e1tk\u00e1. \u201cZa zm\u00ednku stoj\u00ed kontinuita produkt\u016f: Ruggtek m\u00e1 tendenci garantovat dostupnost model\u016f po del\u0161\u00ed dobu, co\u017e je d\u016fle\u017eit\u00fd detail pro spole\u010dnosti, kter\u00e9 necht\u011bj\u00ed ka\u017ed\u00fd rok \u010di dva roky znovu certifikovat sv\u00e1 za\u0159\u00edzen\u00ed a software nebo pot\u0159ebuj\u00ed identick\u00e9 n\u00e1hradn\u00ed d\u00edly pro st\u00e1vaj\u00edc\u00ed vozov\u00fd park. V neposledn\u00ed \u0159ad\u011b si Ruggtek zachov\u00e1v\u00e1 flexibilitu dod\u00e1vek syst\u00e9m\u016f Windows, Android a Linux,\u201d uzav\u00edr\u00e1 spole\u010dnost se s\u00eddlem v Sassuolu.<\/p>\n\t<\/div>\n<\/div>\n\n\n\n\n\t\t<\/div> \n\t<\/div>\n\t<\/div> \n<\/div><\/div><div id=\"conclusioni\" data-midnight=\"\" data-column-margin=\"default\" class=\"wpb_row vc_row-fluid vc_row inner_row\"  style=\"\"><div class=\"row-bg-wrap\"> <div class=\"row-bg\" ><\/div> <\/div><div class=\"row_col_wrap_12_inner col span_12  left\">\n\t<div style=\"\" class=\"vc_col-sm-12 wpb_column column_container vc_column_container col child_column padding-5-percent inherit_tablet inherit_phone\"  data-using-bg=\"true\" data-border-radius=\"20px\" data-padding-pos=\"all\" data-has-bg-color=\"true\" data-bg-color=\"#c8d3c8\" data-bg-opacity=\"0.5\" data-animation=\"\" data-delay=\"0\" >\n\t\t<div class=\"vc_column-inner\" ><div class=\"column-bg-overlay-wrap column-bg-layer\" data-bg-animation=\"none\"><div class=\"column-bg-overlay\" style=\"opacity: 0.5; background-color: #c8d3c8;\"><\/div><\/div>\n\t\t<div class=\"wpb_wrapper\">\n\t\t\t\n<div class=\"wpb_text_column wpb_content_element\" >\n\t<div class=\"wpb_wrapper\">\n\t\t<h2>Z\u00e1v\u011bry<\/h2>\n\t<\/div>\n<\/div>\n\n\n\n\n<div class=\"wpb_text_column wpb_content_element\" >\n\t<div class=\"wpb_wrapper\">\n\t\t<p>Uve\u0159ejn\u011bn\u00ed v \u010dasopise Fare Magazine, kter\u00fd vyd\u00e1v\u00e1 spole\u010dnost Confindustria Emilia, je pro n\u00e1s velk\u00fdm zadostiu\u010din\u011bn\u00edm. Potvrzuje to, \u017ee pr\u00e1ce, kterou denn\u011b odv\u00e1d\u00edme - navrhov\u00e1n\u00ed spolehliv\u00fdch za\u0159\u00edzen\u00ed, p\u0159\u00edm\u00e1 podpora z\u00e1kazn\u00edk\u016f, dlouhodob\u00e1 dostupnost v\u00fdrobk\u016f - je uzn\u00e1v\u00e1na i mimo n\u00e1\u0161 obor.<\/p>\n<p>Pokud se chcete dozv\u011bd\u011bt v\u00edce o spole\u010dnosti Ruggtek a na\u0161\u00ed nab\u00eddce pr\u016fmyslov\u00fdch mobiln\u00edch po\u010d\u00edta\u010d\u016f, jsme tu pro v\u00e1s.<\/p>\n\t<\/div>\n<\/div>\n\n\n\n<div class=\"nectar-cta  hover_color_1a123f text_hover_color_ffffff alignment_tablet_default alignment_phone_default display_tablet_inherit display_phone_inherit\" data-color=\"extra-color-2\" data-using-bg=\"true\" data-style=\"arrow-animation\" data-display=\"block\" data-alignment=\"left\" data-text-color=\"custom\" ><h6 style=\"color: #9bff9b;\"><span class=\"link_wrap\" style=\"padding-top: 20px; padding-right: 20px; padding-bottom: 20px; padding-left: 20px;\"><a target=\"_blank\" class=\"link_text\" role=\"button\" href=\"https:\/\/www.ruggtek.com\/wp-content\/uploads\/2026\/05\/Fare-Magazine-Aprile-2026-Ruggtek.pdf\"><span class=\"text\">ST\u00c1HNOUT \u010cL\u00c1NEK VE FORM\u00c1TU PDF<\/span><svg class=\"next-arrow\" aria-hidden=\"true\" width=\"20px\" height=\"25px\" viewbox=\"0 0 50 80\" xml:space=\"preserve\">\n  <polyline stroke=\"#ffffff\" stroke-width=\"9\" fill=\"none\" stroke-linecap=\"round\" stroke-linejoin=\"round\" points=\"0, 0 45, 40 0, 80\"\/>\n  <\/svg>  <span class=\"line\"  style=\"background-color: #9bff9b;\"><\/span> <\/a><\/span><\/h6><\/div>\n\t\t<\/div> \n\t<\/div>\n\t<\/div> \n<\/div><\/div>\n\t\t\t<\/div> \n\t\t<\/div>\n\t<\/div> \n<\/div><\/div>","protected":false},"excerpt":{"rendered":"<p>Cena byla ud\u011blena b\u011bhem mezin\u00e1rodn\u00edho veletrhu Industriski sejem, jednoho z nejv\u00fdznamn\u011bj\u0161\u00edch pr\u016fmyslov\u00fdch veletrh\u016f ve Slovinsku. <\/p>","protected":false},"author":614,"featured_media":89933,"comment_status":"closed","ping_status":"closed","sticky":false,"template":"","format":"standard","meta":{"inline_featured_image":false,"wpupg_custom_link":[],"wpupg_custom_link_behaviour":["default"],"wpupg_custom_link_nofollow":["default"],"wpupg_custom_image":[],"wpupg_custom_image_id":[],"footnotes":""},"categories":[1],"tags":[],"class_list":{"0":"post-89931","1":"post","2":"type-post","3":"status-publish","4":"format-standard","5":"has-post-thumbnail","7":"category-magazine"},"yoast_head":"<!-- This site is optimized with the Yoast SEO Premium plugin v24.3 (Yoast SEO v27.2) - https:\/\/yoast.com\/product\/yoast-seo-premium-wordpress\/ -->\n<title>Fare Magazine, aprile 2026: Sesitek e Ruggtek protagonisti della rubrica Vita Industriale | Ruggtek<\/title>\n<meta name=\"robots\" content=\"index, follow, max-snippet:-1, max-image-preview:large, max-video-preview:-1\" \/>\n<link rel=\"canonical\" href=\"https:\/\/www.ruggtek.com\/cs\/casopis-fare-duben-2026-sesitek-a-ruggtek-v-rubrice-industrial-life\/\" \/>\n<meta property=\"og:locale\" content=\"cs_CZ\" \/>\n<meta property=\"og:type\" content=\"article\" \/>\n<meta property=\"og:title\" content=\"Fare Magazine, aprile 2026: Sesitek e Ruggtek protagonisti della rubrica Vita Industriale\" \/>\n<meta property=\"og:description\" content=\"Il premio \u00e8 stato assegnato durante la fiera internazionale industrijski sejem, una delle pi\u00f9 importanti fiere industriali in Slovenia.\" \/>\n<meta property=\"og:url\" content=\"https:\/\/www.ruggtek.com\/cs\/casopis-fare-duben-2026-sesitek-a-ruggtek-v-rubrice-industrial-life\/\" \/>\n<meta property=\"og:site_name\" content=\"Ruggtek\" \/>\n<meta property=\"article:publisher\" content=\"https:\/\/www.facebook.com\/ruggtek\/\" \/>\n<meta property=\"article:published_time\" content=\"2026-05-12T10:50:58+00:00\" \/>\n<meta property=\"article:modified_time\" content=\"2026-05-12T10:53:58+00:00\" \/>\n<meta property=\"og:image\" content=\"https:\/\/www.ruggtek.com\/wp-content\/uploads\/2026\/05\/fare-magazine-aprile-2026-cover.webp\" \/>\n\t<meta property=\"og:image:width\" content=\"975\" \/>\n\t<meta property=\"og:image:height\" content=\"1200\" \/>\n\t<meta property=\"og:image:type\" content=\"image\/webp\" \/>\n<meta name=\"author\" content=\"ruggtek\" \/>\n<meta name=\"twitter:card\" content=\"summary_large_image\" \/>\n<meta name=\"twitter:label1\" content=\"Written by\" \/>\n\t<meta name=\"twitter:data1\" content=\"ruggtek\" \/>\n\t<meta name=\"twitter:label2\" content=\"Est. reading time\" \/>\n\t<meta name=\"twitter:data2\" content=\"7 minut\" \/>\n<script type=\"application\/ld+json\" class=\"yoast-schema-graph\">{\"@context\":\"https:\/\/schema.org\",\"@graph\":[{\"@type\":\"Article\",\"@id\":\"https:\/\/www.ruggtek.com\/fare-magazine-aprile-2026-sesitek-e-ruggtek-protagonisti-della-rubrica-vita-industriale\/#article\",\"isPartOf\":{\"@id\":\"https:\/\/www.ruggtek.com\/fare-magazine-aprile-2026-sesitek-e-ruggtek-protagonisti-della-rubrica-vita-industriale\/\"},\"author\":{\"name\":\"ruggtek\",\"@id\":\"https:\/\/www.ruggtek.com\/#\/schema\/person\/2b7a6cfad2615e62607e7c3d10df4c52\"},\"headline\":\"Fare Magazine, aprile 2026: Sesitek e Ruggtek protagonisti della rubrica Vita Industriale\",\"datePublished\":\"2026-05-12T10:50:58+00:00\",\"dateModified\":\"2026-05-12T10:53:58+00:00\",\"mainEntityOfPage\":{\"@id\":\"https:\/\/www.ruggtek.com\/fare-magazine-aprile-2026-sesitek-e-ruggtek-protagonisti-della-rubrica-vita-industriale\/\"},\"wordCount\":2392,\"publisher\":{\"@id\":\"https:\/\/www.ruggtek.com\/#organization\"},\"image\":{\"@id\":\"https:\/\/www.ruggtek.com\/fare-magazine-aprile-2026-sesitek-e-ruggtek-protagonisti-della-rubrica-vita-industriale\/#primaryimage\"},\"thumbnailUrl\":\"https:\/\/www.ruggtek.com\/wp-content\/uploads\/2026\/05\/fare-magazine-aprile-2026-cover.webp\",\"articleSection\":[\"Magazine\"],\"inLanguage\":\"cs\"},{\"@type\":\"WebPage\",\"@id\":\"https:\/\/www.ruggtek.com\/fare-magazine-aprile-2026-sesitek-e-ruggtek-protagonisti-della-rubrica-vita-industriale\/\",\"url\":\"https:\/\/www.ruggtek.com\/fare-magazine-aprile-2026-sesitek-e-ruggtek-protagonisti-della-rubrica-vita-industriale\/\",\"name\":\"Fare Magazine, aprile 2026: Sesitek e Ruggtek protagonisti della rubrica Vita Industriale | Ruggtek\",\"isPartOf\":{\"@id\":\"https:\/\/www.ruggtek.com\/#website\"},\"primaryImageOfPage\":{\"@id\":\"https:\/\/www.ruggtek.com\/fare-magazine-aprile-2026-sesitek-e-ruggtek-protagonisti-della-rubrica-vita-industriale\/#primaryimage\"},\"image\":{\"@id\":\"https:\/\/www.ruggtek.com\/fare-magazine-aprile-2026-sesitek-e-ruggtek-protagonisti-della-rubrica-vita-industriale\/#primaryimage\"},\"thumbnailUrl\":\"https:\/\/www.ruggtek.com\/wp-content\/uploads\/2026\/05\/fare-magazine-aprile-2026-cover.webp\",\"datePublished\":\"2026-05-12T10:50:58+00:00\",\"dateModified\":\"2026-05-12T10:53:58+00:00\",\"breadcrumb\":{\"@id\":\"https:\/\/www.ruggtek.com\/fare-magazine-aprile-2026-sesitek-e-ruggtek-protagonisti-della-rubrica-vita-industriale\/#breadcrumb\"},\"inLanguage\":\"cs\",\"potentialAction\":[{\"@type\":\"ReadAction\",\"target\":[\"https:\/\/www.ruggtek.com\/fare-magazine-aprile-2026-sesitek-e-ruggtek-protagonisti-della-rubrica-vita-industriale\/\"]}]},{\"@type\":\"ImageObject\",\"inLanguage\":\"cs\",\"@id\":\"https:\/\/www.ruggtek.com\/fare-magazine-aprile-2026-sesitek-e-ruggtek-protagonisti-della-rubrica-vita-industriale\/#primaryimage\",\"url\":\"https:\/\/www.ruggtek.com\/wp-content\/uploads\/2026\/05\/fare-magazine-aprile-2026-cover.webp\",\"contentUrl\":\"https:\/\/www.ruggtek.com\/wp-content\/uploads\/2026\/05\/fare-magazine-aprile-2026-cover.webp\",\"width\":975,\"height\":1200},{\"@type\":\"BreadcrumbList\",\"@id\":\"https:\/\/www.ruggtek.com\/fare-magazine-aprile-2026-sesitek-e-ruggtek-protagonisti-della-rubrica-vita-industriale\/#breadcrumb\",\"itemListElement\":[{\"@type\":\"ListItem\",\"position\":1,\"name\":\"Home\",\"item\":\"https:\/\/www.ruggtek.com\/\"},{\"@type\":\"ListItem\",\"position\":2,\"name\":\"Fare Magazine, aprile 2026: Sesitek e Ruggtek protagonisti della rubrica Vita Industriale\"}]},{\"@type\":\"WebSite\",\"@id\":\"https:\/\/www.ruggtek.com\/#website\",\"url\":\"https:\/\/www.ruggtek.com\/\",\"name\":\"Ruggtek \u2013 Tablet Industriali Rugged\",\"description\":\"Rugged mobile computer\",\"publisher\":{\"@id\":\"https:\/\/www.ruggtek.com\/#organization\"},\"alternateName\":\"Ruggtek Rugged Devices\",\"potentialAction\":[{\"@type\":\"SearchAction\",\"target\":{\"@type\":\"EntryPoint\",\"urlTemplate\":\"https:\/\/www.ruggtek.com\/?s={search_term_string}\"},\"query-input\":{\"@type\":\"PropertyValueSpecification\",\"valueRequired\":true,\"valueName\":\"search_term_string\"}}],\"inLanguage\":\"cs\"},{\"@type\":\"Organization\",\"@id\":\"https:\/\/www.ruggtek.com\/#organization\",\"name\":\"Ruggtek\",\"url\":\"https:\/\/www.ruggtek.com\/\",\"logo\":{\"@type\":\"ImageObject\",\"inLanguage\":\"cs\",\"@id\":\"https:\/\/www.ruggtek.com\/#\/schema\/logo\/image\/\",\"url\":\"https:\/\/www.ruggtek.com\/wp-content\/uploads\/2023\/11\/ruggtek.png\",\"contentUrl\":\"https:\/\/www.ruggtek.com\/wp-content\/uploads\/2023\/11\/ruggtek.png\",\"width\":800,\"height\":800,\"caption\":\"Ruggtek\"},\"image\":{\"@id\":\"https:\/\/www.ruggtek.com\/#\/schema\/logo\/image\/\"},\"sameAs\":[\"https:\/\/www.facebook.com\/ruggtek\/\",\"https:\/\/www.instagram.com\/ruggtek\/\"]},{\"@type\":\"Person\",\"@id\":\"https:\/\/www.ruggtek.com\/#\/schema\/person\/2b7a6cfad2615e62607e7c3d10df4c52\",\"name\":\"ruggtek\",\"image\":{\"@type\":\"ImageObject\",\"inLanguage\":\"cs\",\"@id\":\"https:\/\/secure.gravatar.com\/avatar\/d640472ee435eb249ca4ecc524dc2a942d1f3bc0acc865650b34e3ad62caf867?s=96&d=mm&r=g\",\"url\":\"https:\/\/secure.gravatar.com\/avatar\/d640472ee435eb249ca4ecc524dc2a942d1f3bc0acc865650b34e3ad62caf867?s=96&d=mm&r=g\",\"contentUrl\":\"https:\/\/secure.gravatar.com\/avatar\/d640472ee435eb249ca4ecc524dc2a942d1f3bc0acc865650b34e3ad62caf867?s=96&d=mm&r=g\",\"caption\":\"ruggtek\"},\"url\":\"https:\/\/www.ruggtek.com\/cs\/author\/ruggtek\/\"}]}<\/script>\n<!-- \/ Yoast SEO Premium plugin. -->","yoast_head_json":{"title":"\u010casopis Fare, duben 2026: Sesitek a Ruggtek v \u010dasopise Industrial Life | Ruggtek","robots":{"index":"index","follow":"follow","max-snippet":"max-snippet:-1","max-image-preview":"max-image-preview:large","max-video-preview":"max-video-preview:-1"},"canonical":"https:\/\/www.ruggtek.com\/cs\/casopis-fare-duben-2026-sesitek-a-ruggtek-v-rubrice-industrial-life\/","og_locale":"cs_CZ","og_type":"article","og_title":"Fare Magazine, aprile 2026: Sesitek e Ruggtek protagonisti della rubrica Vita Industriale","og_description":"Il premio \u00e8 stato assegnato durante la fiera internazionale industrijski sejem, una delle pi\u00f9 importanti fiere industriali in Slovenia.","og_url":"https:\/\/www.ruggtek.com\/cs\/casopis-fare-duben-2026-sesitek-a-ruggtek-v-rubrice-industrial-life\/","og_site_name":"Ruggtek","article_publisher":"https:\/\/www.facebook.com\/ruggtek\/","article_published_time":"2026-05-12T10:50:58+00:00","article_modified_time":"2026-05-12T10:53:58+00:00","og_image":[{"width":975,"height":1200,"url":"https:\/\/www.ruggtek.com\/wp-content\/uploads\/2026\/05\/fare-magazine-aprile-2026-cover.webp","type":"image\/webp"}],"author":"ruggtek","twitter_card":"summary_large_image","twitter_misc":{"Written by":"ruggtek","Est. reading time":"7 minut"},"schema":{"@context":"https:\/\/schema.org","@graph":[{"@type":"Article","@id":"https:\/\/www.ruggtek.com\/fare-magazine-aprile-2026-sesitek-e-ruggtek-protagonisti-della-rubrica-vita-industriale\/#article","isPartOf":{"@id":"https:\/\/www.ruggtek.com\/fare-magazine-aprile-2026-sesitek-e-ruggtek-protagonisti-della-rubrica-vita-industriale\/"},"author":{"name":"ruggtek","@id":"https:\/\/www.ruggtek.com\/#\/schema\/person\/2b7a6cfad2615e62607e7c3d10df4c52"},"headline":"Fare Magazine, aprile 2026: Sesitek e Ruggtek protagonisti della rubrica Vita Industriale","datePublished":"2026-05-12T10:50:58+00:00","dateModified":"2026-05-12T10:53:58+00:00","mainEntityOfPage":{"@id":"https:\/\/www.ruggtek.com\/fare-magazine-aprile-2026-sesitek-e-ruggtek-protagonisti-della-rubrica-vita-industriale\/"},"wordCount":2392,"publisher":{"@id":"https:\/\/www.ruggtek.com\/#organization"},"image":{"@id":"https:\/\/www.ruggtek.com\/fare-magazine-aprile-2026-sesitek-e-ruggtek-protagonisti-della-rubrica-vita-industriale\/#primaryimage"},"thumbnailUrl":"https:\/\/www.ruggtek.com\/wp-content\/uploads\/2026\/05\/fare-magazine-aprile-2026-cover.webp","articleSection":["Magazine"],"inLanguage":"cs"},{"@type":"WebPage","@id":"https:\/\/www.ruggtek.com\/fare-magazine-aprile-2026-sesitek-e-ruggtek-protagonisti-della-rubrica-vita-industriale\/","url":"https:\/\/www.ruggtek.com\/fare-magazine-aprile-2026-sesitek-e-ruggtek-protagonisti-della-rubrica-vita-industriale\/","name":"\u010casopis Fare, duben 2026: Sesitek a Ruggtek v \u010dasopise Industrial Life | Ruggtek","isPartOf":{"@id":"https:\/\/www.ruggtek.com\/#website"},"primaryImageOfPage":{"@id":"https:\/\/www.ruggtek.com\/fare-magazine-aprile-2026-sesitek-e-ruggtek-protagonisti-della-rubrica-vita-industriale\/#primaryimage"},"image":{"@id":"https:\/\/www.ruggtek.com\/fare-magazine-aprile-2026-sesitek-e-ruggtek-protagonisti-della-rubrica-vita-industriale\/#primaryimage"},"thumbnailUrl":"https:\/\/www.ruggtek.com\/wp-content\/uploads\/2026\/05\/fare-magazine-aprile-2026-cover.webp","datePublished":"2026-05-12T10:50:58+00:00","dateModified":"2026-05-12T10:53:58+00:00","breadcrumb":{"@id":"https:\/\/www.ruggtek.com\/fare-magazine-aprile-2026-sesitek-e-ruggtek-protagonisti-della-rubrica-vita-industriale\/#breadcrumb"},"inLanguage":"cs","potentialAction":[{"@type":"ReadAction","target":["https:\/\/www.ruggtek.com\/fare-magazine-aprile-2026-sesitek-e-ruggtek-protagonisti-della-rubrica-vita-industriale\/"]}]},{"@type":"ImageObject","inLanguage":"cs","@id":"https:\/\/www.ruggtek.com\/fare-magazine-aprile-2026-sesitek-e-ruggtek-protagonisti-della-rubrica-vita-industriale\/#primaryimage","url":"https:\/\/www.ruggtek.com\/wp-content\/uploads\/2026\/05\/fare-magazine-aprile-2026-cover.webp","contentUrl":"https:\/\/www.ruggtek.com\/wp-content\/uploads\/2026\/05\/fare-magazine-aprile-2026-cover.webp","width":975,"height":1200},{"@type":"BreadcrumbList","@id":"https:\/\/www.ruggtek.com\/fare-magazine-aprile-2026-sesitek-e-ruggtek-protagonisti-della-rubrica-vita-industriale\/#breadcrumb","itemListElement":[{"@type":"ListItem","position":1,"name":"Home","item":"https:\/\/www.ruggtek.com\/"},{"@type":"ListItem","position":2,"name":"Fare Magazine, aprile 2026: Sesitek e Ruggtek protagonisti della rubrica Vita Industriale"}]},{"@type":"WebSite","@id":"https:\/\/www.ruggtek.com\/#website","url":"https:\/\/www.ruggtek.com\/","name":"Ruggtek - Odoln\u00e9 pr\u016fmyslov\u00e9 tablety","description":"Odoln\u00fd mobiln\u00ed po\u010d\u00edta\u010d","publisher":{"@id":"https:\/\/www.ruggtek.com\/#organization"},"alternateName":"Ruggtek Rugged Devices","potentialAction":[{"@type":"SearchAction","target":{"@type":"EntryPoint","urlTemplate":"https:\/\/www.ruggtek.com\/?s={search_term_string}"},"query-input":{"@type":"PropertyValueSpecification","valueRequired":true,"valueName":"search_term_string"}}],"inLanguage":"cs"},{"@type":"Organization","@id":"https:\/\/www.ruggtek.com\/#organization","name":"Ruggtek","url":"https:\/\/www.ruggtek.com\/","logo":{"@type":"ImageObject","inLanguage":"cs","@id":"https:\/\/www.ruggtek.com\/#\/schema\/logo\/image\/","url":"https:\/\/www.ruggtek.com\/wp-content\/uploads\/2023\/11\/ruggtek.png","contentUrl":"https:\/\/www.ruggtek.com\/wp-content\/uploads\/2023\/11\/ruggtek.png","width":800,"height":800,"caption":"Ruggtek"},"image":{"@id":"https:\/\/www.ruggtek.com\/#\/schema\/logo\/image\/"},"sameAs":["https:\/\/www.facebook.com\/ruggtek\/","https:\/\/www.instagram.com\/ruggtek\/"]},{"@type":"Person","@id":"https:\/\/www.ruggtek.com\/#\/schema\/person\/2b7a6cfad2615e62607e7c3d10df4c52","name":"ruggtek","image":{"@type":"ImageObject","inLanguage":"cs","@id":"https:\/\/secure.gravatar.com\/avatar\/d640472ee435eb249ca4ecc524dc2a942d1f3bc0acc865650b34e3ad62caf867?s=96&d=mm&r=g","url":"https:\/\/secure.gravatar.com\/avatar\/d640472ee435eb249ca4ecc524dc2a942d1f3bc0acc865650b34e3ad62caf867?s=96&d=mm&r=g","contentUrl":"https:\/\/secure.gravatar.com\/avatar\/d640472ee435eb249ca4ecc524dc2a942d1f3bc0acc865650b34e3ad62caf867?s=96&d=mm&r=g","caption":"ruggtek"},"url":"https:\/\/www.ruggtek.com\/cs\/author\/ruggtek\/"}]}},"_links":{"self":[{"href":"https:\/\/www.ruggtek.com\/cs\/wp-json\/wp\/v2\/posts\/89931","targetHints":{"allow":["GET"]}}],"collection":[{"href":"https:\/\/www.ruggtek.com\/cs\/wp-json\/wp\/v2\/posts"}],"about":[{"href":"https:\/\/www.ruggtek.com\/cs\/wp-json\/wp\/v2\/types\/post"}],"author":[{"embeddable":true,"href":"https:\/\/www.ruggtek.com\/cs\/wp-json\/wp\/v2\/users\/614"}],"replies":[{"embeddable":true,"href":"https:\/\/www.ruggtek.com\/cs\/wp-json\/wp\/v2\/comments?post=89931"}],"version-history":[{"count":7,"href":"https:\/\/www.ruggtek.com\/cs\/wp-json\/wp\/v2\/posts\/89931\/revisions"}],"predecessor-version":[{"id":89945,"href":"https:\/\/www.ruggtek.com\/cs\/wp-json\/wp\/v2\/posts\/89931\/revisions\/89945"}],"wp:featuredmedia":[{"embeddable":true,"href":"https:\/\/www.ruggtek.com\/cs\/wp-json\/wp\/v2\/media\/89933"}],"wp:attachment":[{"href":"https:\/\/www.ruggtek.com\/cs\/wp-json\/wp\/v2\/media?parent=89931"}],"wp:term":[{"taxonomy":"category","embeddable":true,"href":"https:\/\/www.ruggtek.com\/cs\/wp-json\/wp\/v2\/categories?post=89931"},{"taxonomy":"post_tag","embeddable":true,"href":"https:\/\/www.ruggtek.com\/cs\/wp-json\/wp\/v2\/tags?post=89931"}],"curies":[{"name":"wp","href":"https:\/\/api.w.org\/{rel}","templated":true}]}}